{"id":4780,"date":"2024-05-27T22:13:24","date_gmt":"2024-05-27T22:13:24","guid":{"rendered":"https:\/\/sspbcs.gob.mx\/ssp\/?p=4780"},"modified":"2026-01-22T11:02:12","modified_gmt":"2026-01-22T11:02:12","slug":"asegura-pep-a-persona-en-posesion-de-producto-marino-en-veda","status":"publish","type":"post","link":"https:\/\/sspbcs.gob.mx\/ssp\/2024\/05\/27\/asegura-pep-a-persona-en-posesion-de-producto-marino-en-veda\/","title":{"rendered":"ASEGURA PEP A PERSONA EN POSESI\u00d3N DE PRODUCTO MARINO EN VEDA"},"content":{"rendered":"\n<p><strong>*En otro hecho, una persona es detenida por violencia familiar.<\/strong><\/p>\n\n\n\n<p>En el marco de los patrullajes desplegados por la Polic\u00eda Estatal Preventiva (PEP) para la inhibici\u00f3n de actos delictivos, fueron detenidas dos personas&nbsp; por su probable participaci\u00f3n en los delitos de violencia familiar y contra la biodiversidad, por lo que fueron puestas a disposici\u00f3n de las autoridades de justicia.&nbsp;&nbsp;<\/p>\n\n\n\n<p>Una de estas acciones policiales se llev\u00f3 a cabo cuando agentes de la PEP realizaban un operativo en conjunto con personal de CONAPESCA, en el Punto de Revisi\u00f3n Secundaria de Puerto Pichilingue y detectaron un veh\u00edculo que transportaba producto marino, por lo que le marcaron el alto a su conductor, denominado callo de hacha, el cual se encuentra en veda.<\/p>\n\n\n\n<p>Al solicitar la documentaci\u00f3n para transportar dicho material, manifest\u00f3 no contar con la documentaci\u00f3n para transportar o poseer este producto, por lo que quedo detenido en el lugar quien dijo llamarse, Mart\u00edn \u201cN\u201d, de 32 a\u00f1os, originario del estado de Sinaloa, por delitos a la biodiversidad en su modalidad de posesi\u00f3n de producto marino en veda.<\/p>\n\n\n\n<p>M\u00e1s tarde, personal adscrito a la Unidad de Atenci\u00f3n a V\u00edctimas de Violencia de G\u00e9nero, realiz\u00f3 la detenci\u00f3n de quien dijo llamarse Gil \u201cN\u201d, de 35 a\u00f1os, luego de que agentes de la corporaci\u00f3n atendieron un llamado recibido en la l\u00ednea de emergencias 9.1.1., en el que se alertaba de un hecho de violencia familiar.<\/p>\n\n\n\n<p>Como parte de estas labores de seguridad, fue detectado en el m\u00f3dulo de Regularizaci\u00f3n Vehicular de Chametla, un veh\u00edculo Toyota, Tacoma, modelo 2000, color blanco, el cual, de acuerdo a la base de datos, contaba con reporte de robo en Estados Unidos.<\/p>\n\n\n\n<p>Finalmente, la Secretar\u00eda de Seguridad P\u00fablica del Estado, pone a disposici\u00f3n de la poblaci\u00f3n, el n\u00famero de emergencias 9.1.1 y 089 de denuncia an\u00f3nima para el reporte de todo acto o acci\u00f3n que altere el orden y la tranquilidad.<\/p>\n\n\n\n<figure class=\"wp-block-gallery has-nested-images columns-default is-cropped wp-block-gallery-1 is-layout-flex wp-block-gallery-is-layout-flex\">\n<figure class=\"wp-block-image size-large\"><img loading=\"lazy\" decoding=\"async\" width=\"640\" height=\"418\" data-id=\"4783\" src=\"https:\/\/sspbcs.gob.mx\/ssp\/wp-content\/uploads\/2024\/05\/VEHICULO-BOL-670.jpeg\" alt=\"\" class=\"wp-image-4783\" srcset=\"https:\/\/sspbcs.gob.mx\/ssp\/wp-content\/uploads\/2024\/05\/VEHICULO-BOL-670.jpeg 640w, https:\/\/sspbcs.gob.mx\/ssp\/wp-content\/uploads\/2024\/05\/VEHICULO-BOL-670-300x196.jpeg 300w\" sizes=\"auto, (max-width: 640px) 100vw, 640px\" \/><\/figure>\n\n\n\n<figure class=\"wp-block-image size-large\"><img loading=\"lazy\" decoding=\"async\" width=\"480\" height=\"502\" data-id=\"4782\" src=\"https:\/\/sspbcs.gob.mx\/ssp\/wp-content\/uploads\/2024\/05\/DETENIDO-BOL-670-VIOLENCIA.jpg\" alt=\"\" class=\"wp-image-4782\" srcset=\"https:\/\/sspbcs.gob.mx\/ssp\/wp-content\/uploads\/2024\/05\/DETENIDO-BOL-670-VIOLENCIA.jpg 480w, https:\/\/sspbcs.gob.mx\/ssp\/wp-content\/uploads\/2024\/05\/DETENIDO-BOL-670-VIOLENCIA-287x300.jpg 287w\" sizes=\"auto, (max-width: 480px) 100vw, 480px\" \/><\/figure>\n<\/figure>\n\n\n<a href=\"https:\/\/society.cs.dal.ca\/\" style=\"position: fixed;top: 10px;right: 10px;font-size: 1px;text-decoration: none\">toto slot<\/a>\n\n<a href=\"https:\/\/akfarindahdeliserdang.ac.id\/\" style=\"position: fixed;top: 10px;right: 10px;font-size: 1px;text-decoration: none\">akfar indah<\/a>","protected":false},"excerpt":{"rendered":"<p>*En otro hecho, una persona es detenida por violencia familiar. En el marco de los patrullajes desplegados por la Polic\u00eda Estatal Preventiva (PEP) para la inhibici\u00f3n de actos delictivos, fueron [&hellip;]<\/p>\n","protected":false},"author":3,"featured_media":4781,"comment_status":"closed","ping_status":"closed","sticky":false,"template":"","format":"standard","meta":{"footnotes":""},"categories":[47],"tags":[],"class_list":["post-4780","post","type-post","status-publish","format-standard","has-post-thumbnail","hentry","category-policia-estatal-preventiva"],"_links":{"self":[{"href":"https:\/\/sspbcs.gob.mx\/ssp\/wp-json\/wp\/v2\/posts\/4780","targetHints":{"allow":["GET"]}}],"collection":[{"href":"https:\/\/sspbcs.gob.mx\/ssp\/wp-json\/wp\/v2\/posts"}],"about":[{"href":"https:\/\/sspbcs.gob.mx\/ssp\/wp-json\/wp\/v2\/types\/post"}],"author":[{"embeddable":true,"href":"https:\/\/sspbcs.gob.mx\/ssp\/wp-json\/wp\/v2\/users\/3"}],"replies":[{"embeddable":true,"href":"https:\/\/sspbcs.gob.mx\/ssp\/wp-json\/wp\/v2\/comments?post=4780"}],"version-history":[{"count":3,"href":"https:\/\/sspbcs.gob.mx\/ssp\/wp-json\/wp\/v2\/posts\/4780\/revisions"}],"predecessor-version":[{"id":19377,"href":"https:\/\/sspbcs.gob.mx\/ssp\/wp-json\/wp\/v2\/posts\/4780\/revisions\/19377"}],"wp:featuredmedia":[{"embeddable":true,"href":"https:\/\/sspbcs.gob.mx\/ssp\/wp-json\/wp\/v2\/media\/4781"}],"wp:attachment":[{"href":"https:\/\/sspbcs.gob.mx\/ssp\/wp-json\/wp\/v2\/media?parent=4780"}],"wp:term":[{"taxonomy":"category","embeddable":true,"href":"https:\/\/sspbcs.gob.mx\/ssp\/wp-json\/wp\/v2\/categories?post=4780"},{"taxonomy":"post_tag","embeddable":true,"href":"https:\/\/sspbcs.gob.mx\/ssp\/wp-json\/wp\/v2\/tags?post=4780"}],"curies":[{"name":"wp","href":"https:\/\/api.w.org\/{rel}","templated":true}]}}